{"id":10195,"date":"2023-05-10T16:04:46","date_gmt":"2023-05-10T14:04:46","guid":{"rendered":"https:\/\/www.photobylaurent.com\/?p=10195"},"modified":"2023-05-13T08:12:41","modified_gmt":"2023-05-13T06:12:41","slug":"nouvelle-expo-a-partir-du-5-juin","status":"publish","type":"post","link":"https:\/\/www.photobylaurent.com\/index.php\/2023\/05\/10\/nouvelle-expo-a-partir-du-5-juin\/","title":{"rendered":"Nouvelle expo le 5 juin. New exhibition!"},"content":{"rendered":"\n<p><a href=\"https:\/\/www.photobylaurent.com\/index.php\/distinctions-expositions-laurent-spadotto-photographe-bordeaux\/\" data-type=\"page\" data-id=\"9798\">Mon exposition au collectif SPECIMEN <\/a>n&rsquo;est pas d\u00e9croch\u00e9e que je vous propose d\u00e9j\u00e0 un nouveau rendez-vous \ud83d\ude42<\/p>\n\n\n\n<p>J&rsquo;ai le plaisir de vous annoncer qu&rsquo;une s\u00e9lection de mes travaux sera expos\u00e9e \u00e0 l&rsquo;<a rel=\"noreferrer noopener\" href=\"https:\/\/www.google.com\/maps\/place\/E.Leclerc+Espace+Culturel\/@44.769725,-1.1157592,15z\/data=!4m2!3m1!1s0x0:0xdeea40de267494ad?sa=X&amp;ved=2ahUKEwipi7ur8-r-AhUDTqQEHbYFDREQ_BJ6BAhrEAg\" target=\"_blank\">Espace Culturel Leclerc d&rsquo;Ar\u00e8s (proche d&rsquo;Andernos et du Cap-Ferret)<\/a>. 2 mois d&rsquo;expo pour bien d\u00e9buter la p\u00e9riode estivale et f\u00eater l&rsquo;arriv\u00e9e de l&rsquo;\u00e9t\u00e9 !<\/p>\n\n\n\n<figure class=\"wp-block-image size-large\"><img loading=\"lazy\" decoding=\"async\" width=\"1024\" height=\"1449\" src=\"https:\/\/www.photobylaurent.com\/wp-content\/uploads\/2023\/05\/affiche-exposition-photos-laurent-spadotto-leclerc-ares-1024x1449.jpg\" alt=\"Exposition photos, Laurent SPADOTTO\" class=\"wp-image-10196\" srcset=\"https:\/\/www.photobylaurent.com\/wp-content\/uploads\/2023\/05\/affiche-exposition-photos-laurent-spadotto-leclerc-ares-1024x1449.jpg 1024w, https:\/\/www.photobylaurent.com\/wp-content\/uploads\/2023\/05\/affiche-exposition-photos-laurent-spadotto-leclerc-ares-212x300.jpg 212w, https:\/\/www.photobylaurent.com\/wp-content\/uploads\/2023\/05\/affiche-exposition-photos-laurent-spadotto-leclerc-ares-768x1087.jpg 768w, https:\/\/www.photobylaurent.com\/wp-content\/uploads\/2023\/05\/affiche-exposition-photos-laurent-spadotto-leclerc-ares-1085x1536.jpg 1085w, https:\/\/www.photobylaurent.com\/wp-content\/uploads\/2023\/05\/affiche-exposition-photos-laurent-spadotto-leclerc-ares-800x1132.jpg 800w, https:\/\/www.photobylaurent.com\/wp-content\/uploads\/2023\/05\/affiche-exposition-photos-laurent-spadotto-leclerc-ares.jpg 1190w\" sizes=\"(max-width: 1024px) 100vw, 1024px\" \/><\/figure>\n\n\n\n<p>Bien entendu, mes cr\u00e9ations seront disponibles \u00e0 la vente, en \u00e9dition limit\u00e9e et accompagn\u00e9es de leur certificat d&rsquo;authenticit\u00e9 sign\u00e9e. Je viendrai r\u00e9guli\u00e8rement pour vous rencontrer et r\u00e9pondre \u00e0 vos questions. <a rel=\"noreferrer noopener\" href=\"https:\/\/www.instagram.com\/imagineandreveal\/\" data-type=\"URL\" data-id=\"https:\/\/www.instagram.com\/imagineandreveal\/\" target=\"_blank\">Pour conna\u00eetre mes jours de permanence, suivez-moi sur Instagram<\/a> \ud83d\ude09<\/p>\n\n\n\n<p>A tr\u00e8s bient\u00f4t !<\/p>\n\n\n\n<figure class=\"wp-block-image size-full\"><img loading=\"lazy\" decoding=\"async\" width=\"50\" height=\"26\" src=\"https:\/\/www.photobylaurent.com\/wp-content\/uploads\/2023\/05\/drapeau-1.jpg\" alt=\"English version\" class=\"wp-image-10213\"\/><\/figure>\n\n\n\n<p><em><a href=\"https:\/\/www.photobylaurent.com\/index.php\/distinctions-expositions-laurent-spadotto-photographe-bordeaux\/\" target=\"_blank\" rel=\"noreferrer noopener\">My current exhibition at the collective SPECIMEN in Bordeaux<\/a> is not finished and I am already proposing a new event \ud83d\ude42<\/em><\/p>\n\n\n\n<p><em>I am pleased to announce that a selection of my work will be exhibited at the <a rel=\"noreferrer noopener\" href=\"https:\/\/www.google.com\/maps\/place\/E.Leclerc+Espace+Culturel\/@44.769725,-1.1157592,15z\/data=!4m2!3m1!1s0x0:0xdeea40de267494ad?sa=X&amp;ved=2ahUKEwipi7ur8-r-AhUDTqQEHbYFDREQ_BJ6BAhrEAg\" target=\"_blank\">Espace Culturel Leclerc in Ar\u00e8s (near Andernos and Cap-Ferret, known for its fantastic beaches)<\/a>. 2 months of exhibition to start the summer period!<\/em><\/p>\n\n\n\n<p><em>Of course, my creations will be available for sale, in limited edition and accompanied by their signed certificate of authenticity. I will come regularly to meet you and answer your questions.<a href=\"https:\/\/www.instagram.com\/imagineandreveal\/\" target=\"_blank\" rel=\"noreferrer noopener\"> To know my days of permanence, follow me on Instagram<\/a> <\/em>\ud83d\ude09<\/p>\n\n\n\n<p><em>See you soon!<\/em><\/p>\n","protected":false},"excerpt":{"rendered":"<p>Mon exposition au collectif SPECIMEN n&rsquo;est pas d\u00e9croch\u00e9e que je vous propose d\u00e9j\u00e0 un nouveau rendez-vous \ud83d\ude42 J&rsquo;ai le plaisir de vous annoncer qu&rsquo;une s\u00e9lection de mes travaux sera expos\u00e9e \u00e0 l&rsquo;Espace Culturel Leclerc d&rsquo;Ar\u00e8s (proche d&rsquo;Andernos et du Cap-Ferret). 2 mois d&rsquo;expo pour bien d\u00e9buter la p\u00e9riode estivale et f\u00eater l&rsquo;arriv\u00e9e de l&rsquo;\u00e9t\u00e9 ! Bien entendu, mes cr\u00e9ations seront disponibles \u00e0 la vente, en \u00e9dition limit\u00e9e et accompagn\u00e9es de leur certificat d&rsquo;authenticit\u00e9 sign\u00e9e. Je viendrai r\u00e9guli\u00e8rement pour vous rencontrer [&hellip;]<\/p>\n","protected":false},"author":1,"featured_media":0,"comment_status":"closed","ping_status":"closed","sticky":false,"template":"","format":"standard","meta":{"footnotes":""},"categories":[50],"tags":[],"class_list":["post-10195","post","type-post","status-publish","format-standard","hentry","category-news"],"_links":{"self":[{"href":"https:\/\/www.photobylaurent.com\/index.php\/wp-json\/wp\/v2\/posts\/10195"}],"collection":[{"href":"https:\/\/www.photobylaurent.com\/index.php\/wp-json\/wp\/v2\/posts"}],"about":[{"href":"https:\/\/www.photobylaurent.com\/index.php\/wp-json\/wp\/v2\/types\/post"}],"author":[{"embeddable":true,"href":"https:\/\/www.photobylaurent.com\/index.php\/wp-json\/wp\/v2\/users\/1"}],"replies":[{"embeddable":true,"href":"https:\/\/www.photobylaurent.com\/index.php\/wp-json\/wp\/v2\/comments?post=10195"}],"version-history":[{"count":6,"href":"https:\/\/www.photobylaurent.com\/index.php\/wp-json\/wp\/v2\/posts\/10195\/revisions"}],"predecessor-version":[{"id":10262,"href":"https:\/\/www.photobylaurent.com\/index.php\/wp-json\/wp\/v2\/posts\/10195\/revisions\/10262"}],"wp:attachment":[{"href":"https:\/\/www.photobylaurent.com\/index.php\/wp-json\/wp\/v2\/media?parent=10195"}],"wp:term":[{"taxonomy":"category","embeddable":true,"href":"https:\/\/www.photobylaurent.com\/index.php\/wp-json\/wp\/v2\/categories?post=10195"},{"taxonomy":"post_tag","embeddable":true,"href":"https:\/\/www.photobylaurent.com\/index.php\/wp-json\/wp\/v2\/tags?post=10195"}],"curies":[{"name":"wp","href":"https:\/\/api.w.org\/{rel}","templated":true}]}}