{"id":10705,"date":"2025-02-21T17:49:15","date_gmt":"2025-02-21T16:49:15","guid":{"rendered":"https:\/\/www.photobylaurent.com\/?p=10705"},"modified":"2025-02-21T17:50:29","modified_gmt":"2025-02-21T16:50:29","slug":"merci-fujifilm-focus-magazine","status":"publish","type":"post","link":"https:\/\/www.photobylaurent.com\/index.php\/2025\/02\/21\/merci-fujifilm-focus-magazine\/","title":{"rendered":"Merci Fujifilm Focus Magazine !"},"content":{"rendered":"\n<p>Ravi de voir une de mes exp\u00e9riences pour mon projet TEMPO publi\u00e9e dans <strong>l&rsquo;\u00e9dition UK\/Ireland du magazine de la marque Fujiflm<\/strong> ! TEMPO, qui veut dire le temps en Esp\u00e9ranto, langage universel, est une s\u00e9rie que je vais r\u00e9aliser dans diff\u00e9rentes villes d&rsquo;Europe et du Royaume-Uni (Paris, Edimbourg, Rome, Prague, Berlin, Vienne, Riga etc&#8230;). <a href=\"https:\/\/www.instagram.com\/imagineandreveal\/\" target=\"_blank\" rel=\"noreferrer noopener\">Rendez-vous sur Instragram pour en voir plus !<\/a><\/p>\n\n\n\n<figure class=\"wp-block-image size-full\"><img loading=\"lazy\" decoding=\"async\" width=\"50\" height=\"26\" src=\"https:\/\/www.photobylaurent.com\/wp-content\/uploads\/2023\/11\/image.jpeg\" alt=\"\" class=\"wp-image-10555\"\/><\/figure>\n\n\n\n<p>Delighted to see one of my experiments for my TEMPO project published in the <strong>UK\/Ireland edition of the Fujiflm brand magazine<\/strong>! TEMPO, which means time in Esperanto, a universal language, is a series I&rsquo;m going to produce in different cities in Europe and the UK (Paris, Edinburgh, Rome, Prague, Berlin, Vienna, Riga etc\u2026). <a href=\"https:\/\/www.instagram.com\/imagineandreveal\/\" target=\"_blank\" rel=\"noreferrer noopener\">Follow my Instagram to see more!<\/a><\/p>\n\n\n\n<figure data-wp-context=\"{&quot;uploadedSrc&quot;:&quot;https:\\\/\\\/www.photobylaurent.com\\\/wp-content\\\/uploads\\\/2025\\\/02\\\/fujifilm-focus-magazine-laurent-spadotto-photographe-bordeaux.jpg&quot;,&quot;figureClassNames&quot;:&quot;wp-block-image size-large&quot;,&quot;figureStyles&quot;:null,&quot;imgClassNames&quot;:&quot;wp-image-10707&quot;,&quot;imgStyles&quot;:null,&quot;targetWidth&quot;:1500,&quot;targetHeight&quot;:1125,&quot;scaleAttr&quot;:false,&quot;ariaLabel&quot;:&quot;Agrandir l\\u2018image&quot;,&quot;alt&quot;:&quot;&quot;}\" data-wp-interactive=\"core\/image\" class=\"wp-block-image size-large wp-lightbox-container\"><img loading=\"lazy\" decoding=\"async\" width=\"1024\" height=\"768\" data-wp-init=\"callbacks.setButtonStyles\" data-wp-on-async--click=\"actions.showLightbox\" data-wp-on-async--load=\"callbacks.setButtonStyles\" data-wp-on-async-window--resize=\"callbacks.setButtonStyles\" src=\"https:\/\/www.photobylaurent.com\/wp-content\/uploads\/2025\/02\/fujifilm-focus-magazine-laurent-spadotto-photographe-bordeaux-1024x768.jpg\" alt=\"\" class=\"wp-image-10707\" srcset=\"https:\/\/www.photobylaurent.com\/wp-content\/uploads\/2025\/02\/fujifilm-focus-magazine-laurent-spadotto-photographe-bordeaux-1024x768.jpg 1024w, https:\/\/www.photobylaurent.com\/wp-content\/uploads\/2025\/02\/fujifilm-focus-magazine-laurent-spadotto-photographe-bordeaux-300x225.jpg 300w, https:\/\/www.photobylaurent.com\/wp-content\/uploads\/2025\/02\/fujifilm-focus-magazine-laurent-spadotto-photographe-bordeaux-768x576.jpg 768w, https:\/\/www.photobylaurent.com\/wp-content\/uploads\/2025\/02\/fujifilm-focus-magazine-laurent-spadotto-photographe-bordeaux-1310x983.jpg 1310w, https:\/\/www.photobylaurent.com\/wp-content\/uploads\/2025\/02\/fujifilm-focus-magazine-laurent-spadotto-photographe-bordeaux-800x600.jpg 800w, https:\/\/www.photobylaurent.com\/wp-content\/uploads\/2025\/02\/fujifilm-focus-magazine-laurent-spadotto-photographe-bordeaux.jpg 1500w\" sizes=\"(max-width: 1024px) 100vw, 1024px\" \/><button\n\t\t\tclass=\"lightbox-trigger\"\n\t\t\ttype=\"button\"\n\t\t\taria-haspopup=\"dialog\"\n\t\t\taria-label=\"Agrandir l\u2018image\"\n\t\t\tdata-wp-init=\"callbacks.initTriggerButton\"\n\t\t\tdata-wp-on-async--click=\"actions.showLightbox\"\n\t\t\tdata-wp-style--right=\"context.imageButtonRight\"\n\t\t\tdata-wp-style--top=\"context.imageButtonTop\"\n\t\t>\n\t\t\t<svg xmlns=\"http:\/\/www.w3.org\/2000\/svg\" width=\"12\" height=\"12\" fill=\"none\" viewBox=\"0 0 12 12\">\n\t\t\t\t<path fill=\"#fff\" d=\"M2 0a2 2 0 0 0-2 2v2h1.5V2a.5.5 0 0 1 .5-.5h2V0H2Zm2 10.5H2a.5.5 0 0 1-.5-.5V8H0v2a2 2 0 0 0 2 2h2v-1.5ZM8 12v-1.5h2a.5.5 0 0 0 .5-.5V8H12v2a2 2 0 0 1-2 2H8Zm2-12a2 2 0 0 1 2 2v2h-1.5V2a.5.5 0 0 0-.5-.5H8V0h2Z\" \/>\n\t\t\t<\/svg>\n\t\t<\/button><\/figure>\n\n\n\n<figure data-wp-context=\"{&quot;uploadedSrc&quot;:&quot;https:\\\/\\\/www.photobylaurent.com\\\/wp-content\\\/uploads\\\/2025\\\/02\\\/fujifilm-focus-magazine-laurent-spadotto-photographe-bordeaux-france.jpg&quot;,&quot;figureClassNames&quot;:&quot;wp-block-image size-large&quot;,&quot;figureStyles&quot;:null,&quot;imgClassNames&quot;:&quot;wp-image-10708&quot;,&quot;imgStyles&quot;:null,&quot;targetWidth&quot;:1500,&quot;targetHeight&quot;:1000,&quot;scaleAttr&quot;:false,&quot;ariaLabel&quot;:&quot;Agrandir l\\u2018image&quot;,&quot;alt&quot;:&quot;&quot;}\" data-wp-interactive=\"core\/image\" class=\"wp-block-image size-large wp-lightbox-container\"><img loading=\"lazy\" decoding=\"async\" width=\"1024\" height=\"683\" data-wp-init=\"callbacks.setButtonStyles\" data-wp-on-async--click=\"actions.showLightbox\" data-wp-on-async--load=\"callbacks.setButtonStyles\" data-wp-on-async-window--resize=\"callbacks.setButtonStyles\" src=\"https:\/\/www.photobylaurent.com\/wp-content\/uploads\/2025\/02\/fujifilm-focus-magazine-laurent-spadotto-photographe-bordeaux-france-1024x683.jpg\" alt=\"\" class=\"wp-image-10708\" srcset=\"https:\/\/www.photobylaurent.com\/wp-content\/uploads\/2025\/02\/fujifilm-focus-magazine-laurent-spadotto-photographe-bordeaux-france-1024x683.jpg 1024w, https:\/\/www.photobylaurent.com\/wp-content\/uploads\/2025\/02\/fujifilm-focus-magazine-laurent-spadotto-photographe-bordeaux-france-300x200.jpg 300w, https:\/\/www.photobylaurent.com\/wp-content\/uploads\/2025\/02\/fujifilm-focus-magazine-laurent-spadotto-photographe-bordeaux-france-768x512.jpg 768w, https:\/\/www.photobylaurent.com\/wp-content\/uploads\/2025\/02\/fujifilm-focus-magazine-laurent-spadotto-photographe-bordeaux-france-1310x873.jpg 1310w, https:\/\/www.photobylaurent.com\/wp-content\/uploads\/2025\/02\/fujifilm-focus-magazine-laurent-spadotto-photographe-bordeaux-france-800x533.jpg 800w, https:\/\/www.photobylaurent.com\/wp-content\/uploads\/2025\/02\/fujifilm-focus-magazine-laurent-spadotto-photographe-bordeaux-france.jpg 1500w\" sizes=\"(max-width: 1024px) 100vw, 1024px\" \/><button\n\t\t\tclass=\"lightbox-trigger\"\n\t\t\ttype=\"button\"\n\t\t\taria-haspopup=\"dialog\"\n\t\t\taria-label=\"Agrandir l\u2018image\"\n\t\t\tdata-wp-init=\"callbacks.initTriggerButton\"\n\t\t\tdata-wp-on-async--click=\"actions.showLightbox\"\n\t\t\tdata-wp-style--right=\"context.imageButtonRight\"\n\t\t\tdata-wp-style--top=\"context.imageButtonTop\"\n\t\t>\n\t\t\t<svg xmlns=\"http:\/\/www.w3.org\/2000\/svg\" width=\"12\" height=\"12\" fill=\"none\" viewBox=\"0 0 12 12\">\n\t\t\t\t<path fill=\"#fff\" d=\"M2 0a2 2 0 0 0-2 2v2h1.5V2a.5.5 0 0 1 .5-.5h2V0H2Zm2 10.5H2a.5.5 0 0 1-.5-.5V8H0v2a2 2 0 0 0 2 2h2v-1.5ZM8 12v-1.5h2a.5.5 0 0 0 .5-.5V8H12v2a2 2 0 0 1-2 2H8Zm2-12a2 2 0 0 1 2 2v2h-1.5V2a.5.5 0 0 0-.5-.5H8V0h2Z\" \/>\n\t\t\t<\/svg>\n\t\t<\/button><\/figure>\n\n\n<div class=\"wp-block-image\">\n<figure data-wp-context=\"{&quot;uploadedSrc&quot;:&quot;https:\\\/\\\/www.photobylaurent.com\\\/wp-content\\\/uploads\\\/2025\\\/02\\\/laurent-spadotto-fujifilm-photo-magazine.jpg&quot;,&quot;figureClassNames&quot;:&quot;aligncenter size-full&quot;,&quot;figureStyles&quot;:null,&quot;imgClassNames&quot;:&quot;wp-image-10711&quot;,&quot;imgStyles&quot;:null,&quot;targetWidth&quot;:1000,&quot;targetHeight&quot;:667,&quot;scaleAttr&quot;:false,&quot;ariaLabel&quot;:&quot;Agrandir l\\u2019image\\u00a0: \\u00a9 Laurent Spadotto, photographe \\u00e0 Bordeaux, France.&quot;,&quot;alt&quot;:&quot;\\u00a9 Laurent Spadotto, photographe \\u00e0 Bordeaux, France.&quot;}\" data-wp-interactive=\"core\/image\" class=\"aligncenter size-full wp-lightbox-container\"><img loading=\"lazy\" decoding=\"async\" width=\"1000\" height=\"667\" data-wp-init=\"callbacks.setButtonStyles\" data-wp-on-async--click=\"actions.showLightbox\" data-wp-on-async--load=\"callbacks.setButtonStyles\" data-wp-on-async-window--resize=\"callbacks.setButtonStyles\" src=\"https:\/\/www.photobylaurent.com\/wp-content\/uploads\/2025\/02\/laurent-spadotto-fujifilm-photo-magazine.jpg\" alt=\"\u00a9 Laurent Spadotto, photographe \u00e0 Bordeaux, France.\" class=\"wp-image-10711\" srcset=\"https:\/\/www.photobylaurent.com\/wp-content\/uploads\/2025\/02\/laurent-spadotto-fujifilm-photo-magazine.jpg 1000w, https:\/\/www.photobylaurent.com\/wp-content\/uploads\/2025\/02\/laurent-spadotto-fujifilm-photo-magazine-300x200.jpg 300w, https:\/\/www.photobylaurent.com\/wp-content\/uploads\/2025\/02\/laurent-spadotto-fujifilm-photo-magazine-768x512.jpg 768w, https:\/\/www.photobylaurent.com\/wp-content\/uploads\/2025\/02\/laurent-spadotto-fujifilm-photo-magazine-800x534.jpg 800w\" sizes=\"(max-width: 1000px) 100vw, 1000px\" \/><button\n\t\t\tclass=\"lightbox-trigger\"\n\t\t\ttype=\"button\"\n\t\t\taria-haspopup=\"dialog\"\n\t\t\taria-label=\"Agrandir l\u2019image\u00a0: \u00a9 Laurent Spadotto, photographe \u00e0 Bordeaux, France.\"\n\t\t\tdata-wp-init=\"callbacks.initTriggerButton\"\n\t\t\tdata-wp-on-async--click=\"actions.showLightbox\"\n\t\t\tdata-wp-style--right=\"context.imageButtonRight\"\n\t\t\tdata-wp-style--top=\"context.imageButtonTop\"\n\t\t>\n\t\t\t<svg xmlns=\"http:\/\/www.w3.org\/2000\/svg\" width=\"12\" height=\"12\" fill=\"none\" viewBox=\"0 0 12 12\">\n\t\t\t\t<path fill=\"#fff\" d=\"M2 0a2 2 0 0 0-2 2v2h1.5V2a.5.5 0 0 1 .5-.5h2V0H2Zm2 10.5H2a.5.5 0 0 1-.5-.5V8H0v2a2 2 0 0 0 2 2h2v-1.5ZM8 12v-1.5h2a.5.5 0 0 0 .5-.5V8H12v2a2 2 0 0 1-2 2H8Zm2-12a2 2 0 0 1 2 2v2h-1.5V2a.5.5 0 0 0-.5-.5H8V0h2Z\" \/>\n\t\t\t<\/svg>\n\t\t<\/button><figcaption class=\"wp-element-caption\">\u00a9 Laurent Spadotto<\/figcaption><\/figure><\/div>","protected":false},"excerpt":{"rendered":"<p>Ravi de voir une de mes exp\u00e9riences pour mon projet TEMPO publi\u00e9e dans l&rsquo;\u00e9dition UK\/Ireland du magazine de la marque Fujiflm ! TEMPO, qui veut dire le temps en Esp\u00e9ranto, langage universel, est une s\u00e9rie que je vais r\u00e9aliser dans diff\u00e9rentes villes d&rsquo;Europe et du Royaume-Uni (Paris, Edimbourg, Rome, Prague, Berlin, Vienne, Riga etc&#8230;). Rendez-vous sur Instragram pour en voir plus ! Delighted to see one of my experiments for my TEMPO project published in the UK\/Ireland edition of the [&hellip;]<\/p>\n","protected":false},"author":1,"featured_media":0,"comment_status":"closed","ping_status":"closed","sticky":false,"template":"","format":"standard","meta":{"footnotes":""},"categories":[50],"tags":[],"class_list":["post-10705","post","type-post","status-publish","format-standard","hentry","category-news"],"_links":{"self":[{"href":"https:\/\/www.photobylaurent.com\/index.php\/wp-json\/wp\/v2\/posts\/10705"}],"collection":[{"href":"https:\/\/www.photobylaurent.com\/index.php\/wp-json\/wp\/v2\/posts"}],"about":[{"href":"https:\/\/www.photobylaurent.com\/index.php\/wp-json\/wp\/v2\/types\/post"}],"author":[{"embeddable":true,"href":"https:\/\/www.photobylaurent.com\/index.php\/wp-json\/wp\/v2\/users\/1"}],"replies":[{"embeddable":true,"href":"https:\/\/www.photobylaurent.com\/index.php\/wp-json\/wp\/v2\/comments?post=10705"}],"version-history":[{"count":10,"href":"https:\/\/www.photobylaurent.com\/index.php\/wp-json\/wp\/v2\/posts\/10705\/revisions"}],"predecessor-version":[{"id":10718,"href":"https:\/\/www.photobylaurent.com\/index.php\/wp-json\/wp\/v2\/posts\/10705\/revisions\/10718"}],"wp:attachment":[{"href":"https:\/\/www.photobylaurent.com\/index.php\/wp-json\/wp\/v2\/media?parent=10705"}],"wp:term":[{"taxonomy":"category","embeddable":true,"href":"https:\/\/www.photobylaurent.com\/index.php\/wp-json\/wp\/v2\/categories?post=10705"},{"taxonomy":"post_tag","embeddable":true,"href":"https:\/\/www.photobylaurent.com\/index.php\/wp-json\/wp\/v2\/tags?post=10705"}],"curies":[{"name":"wp","href":"https:\/\/api.w.org\/{rel}","templated":true}]}}